{"id":648,"date":"2025-09-11T01:05:57","date_gmt":"2025-09-11T00:05:57","guid":{"rendered":"https:\/\/cooperact.org\/?p=648"},"modified":"2025-09-11T06:03:59","modified_gmt":"2025-09-11T05:03:59","slug":"deux-ans-apresla-solidarite-continue-de-faconner-laresilience-dans-le-haut-atlas","status":"publish","type":"post","link":"https:\/\/cooperact.org\/en\/deux-ans-apresla-solidarite-continue-de-faconner-laresilience-dans-le-haut-atlas\/","title":{"rendered":"Deux ans apr\u00e8s\u2026 La solidarit\u00e9 continue de fa\u00e7onner la r\u00e9silience dans le Haut Atlas"},"content":{"rendered":"<p>Le 8 septembre 2023 reste grav\u00e9 dans la m\u00e9moire collective du Maroc. Ce jour-l\u00e0, un violent s\u00e9isme de magnitude 6,8 frappait le Haut Atlas, touchant particuli\u00e8rement la province de Taroudant, El haouz, chichaoua, Azilal Et Ouarzazat. La catastrophe a co\u00fbt\u00e9 la vie \u00e0 pr\u00e8s de 2 946 personnes, fait plus de 5 674 bless\u00e9s, d\u00e9truit environ 50 000 habitations et endommag\u00e9 des dizaines de milliers d\u2019autres, r\u00e9parties dans plus de 1 000 villages. Deux ans plus tard, les blessures restent visibles dans les paysages et dans les esprits, mais une force plus grande encore s\u2019est r\u00e9v\u00e9l\u00e9e : celle de la solidarit\u00e9.<\/p>\n\n\n\n<p><br><strong>Une m\u00e9moire vivante, entre douleur et espoir<\/strong><br>Dans les villages sinistr\u00e9s, il n\u2019y a pas eu de c\u00e9r\u00e9monies officielles, mais les habitants parlent encore de ce jour-l\u00e0 comme si c\u2019\u00e9tait hier. Chaque t\u00e9moignage \u00e9voque la douleur, mais aussi la patience et l\u2019esp\u00e9rance qui ont guid\u00e9 les familles face \u00e0 l\u2019\u00e9preuve. Beaucoup r\u00e9p\u00e8tent en amazigh : \u00ab gha yad yarat flagh rbi lidar laafo \u00bb, ce qui signifie \u00ab c\u2019est le destin de Dieu, et c\u2019est Lui aussi qui peut nous aider \u00e0 surmonter cette \u00e9preuve \u00bb.<\/p>\n\n\n\n<figure class=\"wp-block-image aligncenter size-large is-resized\"><img fetchpriority=\"high\" decoding=\"async\" width=\"1024\" height=\"683\" src=\"https:\/\/cooperact.org\/wp-content\/uploads\/2025\/09\/IMG_9146-1024x683.jpg\" alt=\"\" class=\"wp-image-650\" style=\"width:594px;height:auto\" srcset=\"https:\/\/cooperact.org\/wp-content\/uploads\/2025\/09\/IMG_9146-1024x683.jpg 1024w, https:\/\/cooperact.org\/wp-content\/uploads\/2025\/09\/IMG_9146-300x200.jpg 300w, https:\/\/cooperact.org\/wp-content\/uploads\/2025\/09\/IMG_9146-768x512.jpg 768w, https:\/\/cooperact.org\/wp-content\/uploads\/2025\/09\/IMG_9146-1536x1024.jpg 1536w, https:\/\/cooperact.org\/wp-content\/uploads\/2025\/09\/IMG_9146-18x12.jpg 18w, https:\/\/cooperact.org\/wp-content\/uploads\/2025\/09\/IMG_9146.jpg 2048w\" sizes=\"(max-width: 1024px) 100vw, 1024px\" \/><figcaption class=\"wp-element-caption\"><em>Distribution dans le cadre du projet Restart \u2013 r\u00e9ponse au s\u00e9isme<\/em><\/figcaption><\/figure>\n\n\n\n<p><\/p>\n\n\n\n<p><strong>L\u2019Association Jeunes d\u2019Atlas : un engagement de chaque instant<br><\/strong>D\u00e8s le jour 1 qui a suivi le s\u00e9isme, l\u2019Association Jeunes d\u2019Atlas (AJA) s\u2019est mobilis\u00e9e sans rel\u00e2che pour r\u00e9pondre aux besoins des populations sinistr\u00e9es. Avec une pr\u00e9sence active dans plus de 200 villages des provinces de Taroudant, Al Haouz et Chichaoua, l\u2019association a d\u00e9ploy\u00e9 une \u00e9nergie collective impressionnante, soutenue par plus de 120 volontaires par jour venus du Maroc et d\u2019autres pays. Ces volontaires, souvent jeunes et port\u00e9s par un profond sens du devoir, ont sillonn\u00e9 les montagnes et les plaines pour atteindre les zones les plus enclav\u00e9es. Leur action a pris plusieurs formes :<\/p>\n\n\n\n<ul class=\"wp-block-list\">\n<li>Diagnostics rapides des besoins des familles et des infrastructures d\u00e8s les premiers jours. Le centre de l\u2019association a servi de point de r\u00e9ception des dons, permettant de collecter vivres, couvertures et m\u00e9dicaments, puis de les orienter vers les villages les plus touch\u00e9s. Il a \u00e9galement assur\u00e9 l\u2019orientation des associations partenaires et des donateurs vers les douars isol\u00e9s, tout en facilitant la coordination des \u00e9quipes sur le terrain pour garantir une distribution efficace. De plus, une unit\u00e9 de stockage a \u00e9t\u00e9 mise \u00e0 disposition de l\u2019ensemble des intervenants, afin d\u2019organiser et de s\u00e9curiser l\u2019acheminement de l\u2019aide.<\/li>\n\n\n\n<li>Distributions de biens essentiels : nourriture, couvertures, kits d\u2019hygi\u00e8ne et mat\u00e9riel de premi\u00e8re n\u00e9cessit\u00e9.<\/li>\n\n\n\n<li>Travaux d\u2019installation et de maintenance : aide \u00e0 la mise en place de tentes, r\u00e9paration de canalisations, soutien \u00e0 l\u2019approvisionnement en eau et en \u00e9lectricit\u00e9 temporaire.<\/li>\n<\/ul>\n\n\n\n<p>Mais l\u2019engagement de l\u2019association ne s\u2019est pas limit\u00e9 \u00e0 l\u2019urgence. Elle a \u00e9galement accompagn\u00e9 les communaut\u00e9s dans la r\u00e9habilitation des infrastructures sociales et l\u2019organisation d\u2019activit\u00e9s pour les enfants.<br>Parmi ces initiatives, on retrouve le projet Clinic\u2019Art, port\u00e9 par Spect\u2019Act en partenariat avec l\u2019Association Jeunes d\u2019Atlas et le collectif Cause, avec le soutien financier de Migrations &amp; D\u00e9veloppement. Ce projet a offert un soutien psychologique et artistique aux enfants, leur permettant d\u2019exprimer leurs \u00e9motions et de retrouver un espace de joie et de cr\u00e9ativit\u00e9 apr\u00e8s le<br>traumatisme.<br>Un autre exemple est le projet Restart, men\u00e9 en partenariat avec la Fondation de France, qui a permis la distribution de 1 048 packs scolaires et sociaux. Chaque pack contenait un cartable \u00e9quip\u00e9 de fournitures (trousse, livres), ainsi qu\u2019un kit de v\u00eatements et d\u2019hygi\u00e8ne, offrant aux enfants et \u00e0 leurs familles un appui concret pour reprendre le chemin de l\u2019\u00e9cole dans de meilleures conditions.<\/p>\n\n\n\n<p>Au-del\u00e0 de ces actions imm\u00e9diates, l\u2019association travaille \u00e9galement \u00e0 la pr\u00e9paration de projets de long terme, pour consolider la r\u00e9silience des communaut\u00e9s et inscrire la reconstruction dans une vision durable.<\/p>\n\n\n\n<blockquote class=\"wp-block-quote has-text-align-center is-layout-flow wp-block-quote-is-layout-flow\">\n<p><br>\u00ab <em>Notre priorit\u00e9 \u00e9tait de r\u00e9pondre aux besoins imm\u00e9diats, mais aussi de penser \u00e0 demain <\/em>\u00bb, explique le comit\u00e9 de pilotage d\u2019AJA. Cette double approche a permis de transformer la douleur en \u00e9nergieconstructive.<\/p>\n<\/blockquote>\n\n\n\n<blockquote class=\"wp-block-quote has-text-align-center is-layout-flow wp-block-quote-is-layout-flow\">\n<p><br>\u00ab<em>Ce qui nous a marqu\u00e9s, ce n\u2019est pas seulement la destruction, mais la force des habitants. Dans chaque maison effondr\u00e9e, nous avons trouv\u00e9 des familles debout, pr\u00eates \u00e0 reconstruire avec courage.<\/em>\u00bb \u2014 Khadija, volontaire de l\u2019association<\/p>\n<\/blockquote>\n\n\n\n<p><strong>Coop\u00e9rAction R\u00e9silience : un projet pilote pour transformer l\u2019avenir<\/strong><br>Coop\u00e9rAction R\u00e9silience s\u2019inscrit dans la continuit\u00e9 directe de cette mobilisation humanitaire. N\u00e9 de l\u2019exp\u00e9rience de terrain de l\u2019Association Jeunes d\u2019Atlas, ce projet pilote vise \u00e0 transformer l\u2019aide ponctuelle en solutions durables, en accompagnant les familles touch\u00e9es vers un revenu stable, autonome et ancr\u00e9 dans leur territoire.<\/p>\n\n\n\n<p>C\u2019est avant tout un projet humain et solidaire, pens\u00e9 pour redonner souffle et structure aux coop\u00e9ratives locales. Notre ambition : accompagner la relance \u00e9conomique des femmes rurales, en leur fournissant les moyens, les comp\u00e9tences et les outils n\u00e9cessaires pour se relever durablement.<\/p>\n\n\n\n<p>Nous avons commenc\u00e9 par \u00e9couter. Un audit de terrain a permis de comprendre les besoins r\u00e9els, les d\u00e9fis quotidiens, mais aussi les potentiels incroyables qui existent dans les villages. \u00c0 partir de l\u00e0, nous avons co-construit un programme en plusieurs phases :<\/p>\n\n\n\n<ul class=\"wp-block-list\">\n<li>Renforcement des capacit\u00e9s : formations pratiques et cibl\u00e9es.<\/li>\n\n\n\n<li>D\u00e9veloppement de la production et innovation : am\u00e9lioration de la qualit\u00e9, diversification des produits et cr\u00e9ation de nouvelles gammes.<\/li>\n\n\n\n<li>Digitalisation et accompagnement \u00e0 la vente : ouverture des coop\u00e9ratives aux march\u00e9s physiques et num\u00e9riques.<\/li>\n<\/ul>\n\n\n\n<blockquote class=\"wp-block-quote has-text-align-center is-layout-flow wp-block-quote-is-layout-flow\">\n<p>\u00ab<em>Aujourd\u2019hui, gr\u00e2ce \u00e0 ce projet, nous ne voulons plus seulement survivre, mais construire un avenir digne pour nos enfants.<\/em>\u00bb \u2014 Membre de la coop\u00e9rative b\u00e9n\u00e9ficiaire Ougoug Louz<\/p>\n<\/blockquote>\n\n\n\n<figure class=\"wp-block-image aligncenter size-large is-resized\"><img decoding=\"async\" width=\"2560\" height=\"1440\" src=\"https:\/\/cooperact.org\/wp-content\/uploads\/2025\/09\/IMG_8640-1-edited-scaled.jpg\" alt=\"\" class=\"wp-image-657\" style=\"width:638px;height:auto\" srcset=\"https:\/\/cooperact.org\/wp-content\/uploads\/2025\/09\/IMG_8640-1-edited-scaled.jpg 2560w, https:\/\/cooperact.org\/wp-content\/uploads\/2025\/09\/IMG_8640-1-edited-300x169.jpg 300w, https:\/\/cooperact.org\/wp-content\/uploads\/2025\/09\/IMG_8640-1-edited-1024x576.jpg 1024w, https:\/\/cooperact.org\/wp-content\/uploads\/2025\/09\/IMG_8640-1-edited-768x432.jpg 768w, https:\/\/cooperact.org\/wp-content\/uploads\/2025\/09\/IMG_8640-1-edited-1536x864.jpg 1536w, https:\/\/cooperact.org\/wp-content\/uploads\/2025\/09\/IMG_8640-1-edited-2048x1152.jpg 2048w, https:\/\/cooperact.org\/wp-content\/uploads\/2025\/09\/IMG_8640-1-edited-18x10.jpg 18w\" sizes=\"(max-width: 2560px) 100vw, 2560px\" \/><figcaption class=\"wp-element-caption\"><em>Moments partag\u00e9s avec les b\u00e9n\u00e9ficiaires dans le cadre du projet Coop\u00e9rAction<\/em><\/figcaption><\/figure>\n\n\n\n<p><\/p>\n\n\n\n<p><strong>De la douleur \u00e0 l\u2019esp\u00e9rance, un chemin collectif<br><\/strong>Deux ans apr\u00e8s le s\u00e9isme du 8 septembre 2023, le Haut Atlas porte encore les cicatrices de la catastrophe, mais il incarne surtout une histoire de solidarit\u00e9 et de r\u00e9silience. L\u2019Association Jeunes d\u2019Atlas, pr\u00e9sente d\u00e8s les premiers jours, a jou\u00e9 un r\u00f4le central dans cette dynamique en mobilisant des centaines de volontaires et en apportant une aide concr\u00e8te dans plus de 200 villages. De l\u2019urgence \u00e0 la r\u00e9habilitation, son engagement a permis de tisser un lien de confiance et d\u2019accompagnement durable avec les communaut\u00e9s.<\/p>\n\n\n\n<p>De cette exp\u00e9rience est n\u00e9 Coop\u00e9rAction R\u00e9silience, un projet pilote qui traduit la solidarit\u00e9 en perspectives. En pla\u00e7ant les coop\u00e9ratives f\u00e9minines au c\u0153ur de la relance, en renfor\u00e7ant les comp\u00e9tences locales et en ouvrant les villages aux march\u00e9s, il trace la voie d\u2019une reconstruction durable, fond\u00e9e sur l\u2019autonomisation \u00e9conomique et la valorisation des savoir-faire.<br>Ce chemin, commenc\u00e9 dans la douleur, continue aujourd\u2019hui avec l\u2019esp\u00e9rance. Car au-del\u00e0 des maisons d\u00e9truites, c\u2019est une nouvelle mani\u00e8re de vivre ensemble, plus forte et plus unie, qui se construit pas \u00e0 pas dans le Haut Atlas.<\/p>","protected":false},"excerpt":{"rendered":"<p>Le 8 septembre 2023 reste grav\u00e9 dans la m\u00e9moire collective du Maroc. Ce jour-l\u00e0, un violent s\u00e9isme de magnitude 6,8 frappait le Haut Atlas, touchant particuli\u00e8rement la province de Taroudant, El haouz, chichaoua, Azilal Et Ouarzazat. La catastrophe a co\u00fbt\u00e9 la vie \u00e0 pr\u00e8s de 2 946 personnes, fait plus de 5 674 bless\u00e9s, d\u00e9truit environ 50 000 habitations et endommag\u00e9 des dizaines de milliers d\u2019autres, r\u00e9parties dans plus de 1 000 villages. Deux ans plus tard, les blessures restent visibles dans les paysages et dans les esprits, mais une force plus grande encore s\u2019est r\u00e9v\u00e9l\u00e9e : celle de la solidarit\u00e9.<\/p>","protected":false},"author":2,"featured_media":649,"comment_status":"open","ping_status":"open","sticky":false,"template":"","format":"standard","meta":{"_eb_attr":"","footnotes":""},"categories":[1],"tags":[12,11,10],"class_list":["post-648","post","type-post","status-publish","format-standard","has-post-thumbnail","hentry","category-uncategorized","tag-jeunesdatlas","tag-seisme-taroudant","tag-taroudant"],"yoast_head":"<!-- This site is optimized with the Yoast SEO plugin v27.5 - https:\/\/yoast.com\/product\/yoast-seo-wordpress\/ -->\n<title>Deux ans apr\u00e8s\u2026 La solidarit\u00e9 continue de fa\u00e7onner la r\u00e9silience dans le Haut Atlas | Coop\u00e9rAction<\/title>\n<meta name=\"description\" content=\"Le 8 septembre 2023 reste grav\u00e9 dans la m\u00e9moire collective du Maroc. Ce jour-l\u00e0, un violent s\u00e9isme de magnitude 6,8 frappait le Haut Atlas, touchant particuli\u00e8rement la province de Taroudant, El haouz, chichaoua, Azilal Et Ouarzazat. La catastrophe a co\u00fbt\u00e9 la vie \u00e0 pr\u00e8s de 2 946 personnes, fait plus de 5 674 bless\u00e9s, d\u00e9truit environ 50 000 habitations et endommag\u00e9 des dizaines de milliers d\u2019autres, r\u00e9parties dans plus de 1 000 villages. Deux ans plus tard, les blessures restent visibles dans les paysages et dans les esprits, mais une force plus grande encore s\u2019est r\u00e9v\u00e9l\u00e9e : celle de la solidarit\u00e9.\" \/>\n<meta name=\"robots\" content=\"index, follow, max-snippet:-1, max-image-preview:large, max-video-preview:-1\" \/>\n<link rel=\"canonical\" href=\"https:\/\/cooperact.org\/en\/deux-ans-apresla-solidarite-continue-de-faconner-laresilience-dans-le-haut-atlas\/\" \/>\n<meta property=\"og:locale\" content=\"en_US\" \/>\n<meta property=\"og:type\" content=\"article\" \/>\n<meta property=\"og:title\" content=\"Deux ans apr\u00e8s\u2026 La solidarit\u00e9 continue de fa\u00e7onner la r\u00e9silience dans le Haut Atlas | Coop\u00e9rAction\" \/>\n<meta property=\"og:description\" content=\"Le 8 septembre 2023 reste grav\u00e9 dans la m\u00e9moire collective du Maroc. Ce jour-l\u00e0, un violent s\u00e9isme de magnitude 6,8 frappait le Haut Atlas, touchant particuli\u00e8rement la province de Taroudant, El haouz, chichaoua, Azilal Et Ouarzazat. La catastrophe a co\u00fbt\u00e9 la vie \u00e0 pr\u00e8s de 2 946 personnes, fait plus de 5 674 bless\u00e9s, d\u00e9truit environ 50 000 habitations et endommag\u00e9 des dizaines de milliers d\u2019autres, r\u00e9parties dans plus de 1 000 villages. Deux ans plus tard, les blessures restent visibles dans les paysages et dans les esprits, mais une force plus grande encore s\u2019est r\u00e9v\u00e9l\u00e9e : celle de la solidarit\u00e9.\" \/>\n<meta property=\"og:url\" content=\"https:\/\/cooperact.org\/en\/deux-ans-apresla-solidarite-continue-de-faconner-laresilience-dans-le-haut-atlas\/\" \/>\n<meta property=\"og:site_name\" content=\"Coop\u00e9rAction\" \/>\n<meta property=\"article:published_time\" content=\"2025-09-11T00:05:57+00:00\" \/>\n<meta property=\"article:modified_time\" content=\"2025-09-11T05:03:59+00:00\" \/>\n<meta property=\"og:image\" content=\"https:\/\/cooperact.org\/wp-content\/uploads\/2025\/09\/IMG_9147-e1757561709652.jpg\" \/>\n\t<meta property=\"og:image:width\" content=\"2048\" \/>\n\t<meta property=\"og:image:height\" content=\"1157\" \/>\n\t<meta property=\"og:image:type\" content=\"image\/jpeg\" \/>\n<meta name=\"author\" content=\"cooperact\" \/>\n<meta name=\"twitter:card\" content=\"summary_large_image\" \/>\n<meta name=\"twitter:label1\" content=\"Written by\" \/>\n\t<meta name=\"twitter:data1\" content=\"cooperact\" \/>\n\t<meta name=\"twitter:label2\" content=\"Est. reading time\" \/>\n\t<meta name=\"twitter:data2\" content=\"5 minutes\" \/>\n<script type=\"application\/ld+json\" class=\"yoast-schema-graph\">{\"@context\":\"https:\\\/\\\/schema.org\",\"@graph\":[{\"@type\":\"Article\",\"@id\":\"https:\\\/\\\/cooperact.org\\\/deux-ans-apresla-solidarite-continue-de-faconner-laresilience-dans-le-haut-atlas\\\/#article\",\"isPartOf\":{\"@id\":\"https:\\\/\\\/cooperact.org\\\/deux-ans-apresla-solidarite-continue-de-faconner-laresilience-dans-le-haut-atlas\\\/\"},\"author\":{\"name\":\"cooperact\",\"@id\":\"http:\\\/\\\/cooperact.org\\\/#\\\/schema\\\/person\\\/a60c1a09b1c38a0f66fd2697443bee69\"},\"headline\":\"Deux ans apr\u00e8s\u2026 La solidarit\u00e9 continue de fa\u00e7onner la r\u00e9silience dans le Haut Atlas\",\"datePublished\":\"2025-09-11T00:05:57+00:00\",\"dateModified\":\"2025-09-11T05:03:59+00:00\",\"mainEntityOfPage\":{\"@id\":\"https:\\\/\\\/cooperact.org\\\/deux-ans-apresla-solidarite-continue-de-faconner-laresilience-dans-le-haut-atlas\\\/\"},\"wordCount\":1216,\"commentCount\":0,\"publisher\":{\"@id\":\"http:\\\/\\\/cooperact.org\\\/#organization\"},\"image\":{\"@id\":\"https:\\\/\\\/cooperact.org\\\/deux-ans-apresla-solidarite-continue-de-faconner-laresilience-dans-le-haut-atlas\\\/#primaryimage\"},\"thumbnailUrl\":\"https:\\\/\\\/cooperact.org\\\/wp-content\\\/uploads\\\/2025\\\/09\\\/IMG_9147-e1757561709652.jpg\",\"keywords\":[\"jeunesdatlas\",\"seisme taroudant\",\"taroudant\"],\"inLanguage\":\"en-US\",\"potentialAction\":[{\"@type\":\"CommentAction\",\"name\":\"Comment\",\"target\":[\"https:\\\/\\\/cooperact.org\\\/deux-ans-apresla-solidarite-continue-de-faconner-laresilience-dans-le-haut-atlas\\\/#respond\"]}]},{\"@type\":\"WebPage\",\"@id\":\"https:\\\/\\\/cooperact.org\\\/deux-ans-apresla-solidarite-continue-de-faconner-laresilience-dans-le-haut-atlas\\\/\",\"url\":\"https:\\\/\\\/cooperact.org\\\/deux-ans-apresla-solidarite-continue-de-faconner-laresilience-dans-le-haut-atlas\\\/\",\"name\":\"Deux ans apr\u00e8s\u2026 La solidarit\u00e9 continue de fa\u00e7onner la r\u00e9silience dans le Haut Atlas | Coop\u00e9rAction\",\"isPartOf\":{\"@id\":\"http:\\\/\\\/cooperact.org\\\/#website\"},\"primaryImageOfPage\":{\"@id\":\"https:\\\/\\\/cooperact.org\\\/deux-ans-apresla-solidarite-continue-de-faconner-laresilience-dans-le-haut-atlas\\\/#primaryimage\"},\"image\":{\"@id\":\"https:\\\/\\\/cooperact.org\\\/deux-ans-apresla-solidarite-continue-de-faconner-laresilience-dans-le-haut-atlas\\\/#primaryimage\"},\"thumbnailUrl\":\"https:\\\/\\\/cooperact.org\\\/wp-content\\\/uploads\\\/2025\\\/09\\\/IMG_9147-e1757561709652.jpg\",\"datePublished\":\"2025-09-11T00:05:57+00:00\",\"dateModified\":\"2025-09-11T05:03:59+00:00\",\"description\":\"Le 8 septembre 2023 reste grav\u00e9 dans la m\u00e9moire collective du Maroc. Ce jour-l\u00e0, un violent s\u00e9isme de magnitude 6,8 frappait le Haut Atlas, touchant particuli\u00e8rement la province de Taroudant, El haouz, chichaoua, Azilal Et Ouarzazat. La catastrophe a co\u00fbt\u00e9 la vie \u00e0 pr\u00e8s de 2 946 personnes, fait plus de 5 674 bless\u00e9s, d\u00e9truit environ 50 000 habitations et endommag\u00e9 des dizaines de milliers d\u2019autres, r\u00e9parties dans plus de 1 000 villages. Deux ans plus tard, les blessures restent visibles dans les paysages et dans les esprits, mais une force plus grande encore s\u2019est r\u00e9v\u00e9l\u00e9e : celle de la solidarit\u00e9.\",\"breadcrumb\":{\"@id\":\"https:\\\/\\\/cooperact.org\\\/deux-ans-apresla-solidarite-continue-de-faconner-laresilience-dans-le-haut-atlas\\\/#breadcrumb\"},\"inLanguage\":\"en-US\",\"potentialAction\":[{\"@type\":\"ReadAction\",\"target\":[\"https:\\\/\\\/cooperact.org\\\/deux-ans-apresla-solidarite-continue-de-faconner-laresilience-dans-le-haut-atlas\\\/\"]}]},{\"@type\":\"ImageObject\",\"inLanguage\":\"en-US\",\"@id\":\"https:\\\/\\\/cooperact.org\\\/deux-ans-apresla-solidarite-continue-de-faconner-laresilience-dans-le-haut-atlas\\\/#primaryimage\",\"url\":\"https:\\\/\\\/cooperact.org\\\/wp-content\\\/uploads\\\/2025\\\/09\\\/IMG_9147-e1757561709652.jpg\",\"contentUrl\":\"https:\\\/\\\/cooperact.org\\\/wp-content\\\/uploads\\\/2025\\\/09\\\/IMG_9147-e1757561709652.jpg\",\"width\":2048,\"height\":1157},{\"@type\":\"BreadcrumbList\",\"@id\":\"https:\\\/\\\/cooperact.org\\\/deux-ans-apresla-solidarite-continue-de-faconner-laresilience-dans-le-haut-atlas\\\/#breadcrumb\",\"itemListElement\":[{\"@type\":\"ListItem\",\"position\":1,\"name\":\"Home\",\"item\":\"https:\\\/\\\/cooperact.org\\\/\"},{\"@type\":\"ListItem\",\"position\":2,\"name\":\"Deux ans apr\u00e8s\u2026 La solidarit\u00e9 continue de fa\u00e7onner la r\u00e9silience dans le Haut Atlas\"}]},{\"@type\":\"WebSite\",\"@id\":\"http:\\\/\\\/cooperact.org\\\/#website\",\"url\":\"http:\\\/\\\/cooperact.org\\\/\",\"name\":\"Coop\u00e9rAction\",\"description\":\"Reconstruire durablement, avec les femmes au c\u0153ur de l\u2019action\",\"publisher\":{\"@id\":\"http:\\\/\\\/cooperact.org\\\/#organization\"},\"alternateName\":\"Coop\u00e9rAction R\u00e9silience\",\"potentialAction\":[{\"@type\":\"SearchAction\",\"target\":{\"@type\":\"EntryPoint\",\"urlTemplate\":\"http:\\\/\\\/cooperact.org\\\/?s={search_term_string}\"},\"query-input\":{\"@type\":\"PropertyValueSpecification\",\"valueRequired\":true,\"valueName\":\"search_term_string\"}}],\"inLanguage\":\"en-US\"},{\"@type\":\"Organization\",\"@id\":\"http:\\\/\\\/cooperact.org\\\/#organization\",\"name\":\"Coop\u00e9rAction R\u00e9silience\",\"url\":\"http:\\\/\\\/cooperact.org\\\/\",\"logo\":{\"@type\":\"ImageObject\",\"inLanguage\":\"en-US\",\"@id\":\"http:\\\/\\\/cooperact.org\\\/#\\\/schema\\\/logo\\\/image\\\/\",\"url\":\"https:\\\/\\\/cooperact.org\\\/wp-content\\\/uploads\\\/2025\\\/07\\\/LOGO-Cooperact-05-scaled.png\",\"contentUrl\":\"https:\\\/\\\/cooperact.org\\\/wp-content\\\/uploads\\\/2025\\\/07\\\/LOGO-Cooperact-05-scaled.png\",\"width\":2560,\"height\":2560,\"caption\":\"Coop\u00e9rAction R\u00e9silience\"},\"image\":{\"@id\":\"http:\\\/\\\/cooperact.org\\\/#\\\/schema\\\/logo\\\/image\\\/\"}},{\"@type\":\"Person\",\"@id\":\"http:\\\/\\\/cooperact.org\\\/#\\\/schema\\\/person\\\/a60c1a09b1c38a0f66fd2697443bee69\",\"name\":\"cooperact\",\"image\":{\"@type\":\"ImageObject\",\"inLanguage\":\"en-US\",\"@id\":\"https:\\\/\\\/secure.gravatar.com\\\/avatar\\\/228e4a8ceb3143d28bb6cb1b7a89f6c61cf5e2763840580c7501d2c81e2feaa8?s=96&d=mm&r=g\",\"url\":\"https:\\\/\\\/secure.gravatar.com\\\/avatar\\\/228e4a8ceb3143d28bb6cb1b7a89f6c61cf5e2763840580c7501d2c81e2feaa8?s=96&d=mm&r=g\",\"contentUrl\":\"https:\\\/\\\/secure.gravatar.com\\\/avatar\\\/228e4a8ceb3143d28bb6cb1b7a89f6c61cf5e2763840580c7501d2c81e2feaa8?s=96&d=mm&r=g\",\"caption\":\"cooperact\"},\"url\":\"https:\\\/\\\/cooperact.org\\\/en\\\/author\\\/cooperact\\\/\"}]}<\/script>\n<!-- \/ Yoast SEO plugin. -->","yoast_head_json":{"title":"Deux ans apr\u00e8s\u2026 La solidarit\u00e9 continue de fa\u00e7onner la r\u00e9silience dans le Haut Atlas | Coop\u00e9rAction","description":"Le 8 septembre 2023 reste grav\u00e9 dans la m\u00e9moire collective du Maroc. Ce jour-l\u00e0, un violent s\u00e9isme de magnitude 6,8 frappait le Haut Atlas, touchant particuli\u00e8rement la province de Taroudant, El haouz, chichaoua, Azilal Et Ouarzazat. La catastrophe a co\u00fbt\u00e9 la vie \u00e0 pr\u00e8s de 2 946 personnes, fait plus de 5 674 bless\u00e9s, d\u00e9truit environ 50 000 habitations et endommag\u00e9 des dizaines de milliers d\u2019autres, r\u00e9parties dans plus de 1 000 villages. Deux ans plus tard, les blessures restent visibles dans les paysages et dans les esprits, mais une force plus grande encore s\u2019est r\u00e9v\u00e9l\u00e9e : celle de la solidarit\u00e9.","robots":{"index":"index","follow":"follow","max-snippet":"max-snippet:-1","max-image-preview":"max-image-preview:large","max-video-preview":"max-video-preview:-1"},"canonical":"https:\/\/cooperact.org\/en\/deux-ans-apresla-solidarite-continue-de-faconner-laresilience-dans-le-haut-atlas\/","og_locale":"en_US","og_type":"article","og_title":"Deux ans apr\u00e8s\u2026 La solidarit\u00e9 continue de fa\u00e7onner la r\u00e9silience dans le Haut Atlas | Coop\u00e9rAction","og_description":"Le 8 septembre 2023 reste grav\u00e9 dans la m\u00e9moire collective du Maroc. Ce jour-l\u00e0, un violent s\u00e9isme de magnitude 6,8 frappait le Haut Atlas, touchant particuli\u00e8rement la province de Taroudant, El haouz, chichaoua, Azilal Et Ouarzazat. La catastrophe a co\u00fbt\u00e9 la vie \u00e0 pr\u00e8s de 2 946 personnes, fait plus de 5 674 bless\u00e9s, d\u00e9truit environ 50 000 habitations et endommag\u00e9 des dizaines de milliers d\u2019autres, r\u00e9parties dans plus de 1 000 villages. Deux ans plus tard, les blessures restent visibles dans les paysages et dans les esprits, mais une force plus grande encore s\u2019est r\u00e9v\u00e9l\u00e9e : celle de la solidarit\u00e9.","og_url":"https:\/\/cooperact.org\/en\/deux-ans-apresla-solidarite-continue-de-faconner-laresilience-dans-le-haut-atlas\/","og_site_name":"Coop\u00e9rAction","article_published_time":"2025-09-11T00:05:57+00:00","article_modified_time":"2025-09-11T05:03:59+00:00","og_image":[{"width":2048,"height":1157,"url":"https:\/\/cooperact.org\/wp-content\/uploads\/2025\/09\/IMG_9147-e1757561709652.jpg","type":"image\/jpeg"}],"author":"cooperact","twitter_card":"summary_large_image","twitter_misc":{"Written by":"cooperact","Est. reading time":"5 minutes"},"schema":{"@context":"https:\/\/schema.org","@graph":[{"@type":"Article","@id":"https:\/\/cooperact.org\/deux-ans-apresla-solidarite-continue-de-faconner-laresilience-dans-le-haut-atlas\/#article","isPartOf":{"@id":"https:\/\/cooperact.org\/deux-ans-apresla-solidarite-continue-de-faconner-laresilience-dans-le-haut-atlas\/"},"author":{"name":"cooperact","@id":"http:\/\/cooperact.org\/#\/schema\/person\/a60c1a09b1c38a0f66fd2697443bee69"},"headline":"Deux ans apr\u00e8s\u2026 La solidarit\u00e9 continue de fa\u00e7onner la r\u00e9silience dans le Haut Atlas","datePublished":"2025-09-11T00:05:57+00:00","dateModified":"2025-09-11T05:03:59+00:00","mainEntityOfPage":{"@id":"https:\/\/cooperact.org\/deux-ans-apresla-solidarite-continue-de-faconner-laresilience-dans-le-haut-atlas\/"},"wordCount":1216,"commentCount":0,"publisher":{"@id":"http:\/\/cooperact.org\/#organization"},"image":{"@id":"https:\/\/cooperact.org\/deux-ans-apresla-solidarite-continue-de-faconner-laresilience-dans-le-haut-atlas\/#primaryimage"},"thumbnailUrl":"https:\/\/cooperact.org\/wp-content\/uploads\/2025\/09\/IMG_9147-e1757561709652.jpg","keywords":["jeunesdatlas","seisme taroudant","taroudant"],"inLanguage":"en-US","potentialAction":[{"@type":"CommentAction","name":"Comment","target":["https:\/\/cooperact.org\/deux-ans-apresla-solidarite-continue-de-faconner-laresilience-dans-le-haut-atlas\/#respond"]}]},{"@type":"WebPage","@id":"https:\/\/cooperact.org\/deux-ans-apresla-solidarite-continue-de-faconner-laresilience-dans-le-haut-atlas\/","url":"https:\/\/cooperact.org\/deux-ans-apresla-solidarite-continue-de-faconner-laresilience-dans-le-haut-atlas\/","name":"Deux ans apr\u00e8s\u2026 La solidarit\u00e9 continue de fa\u00e7onner la r\u00e9silience dans le Haut Atlas | Coop\u00e9rAction","isPartOf":{"@id":"http:\/\/cooperact.org\/#website"},"primaryImageOfPage":{"@id":"https:\/\/cooperact.org\/deux-ans-apresla-solidarite-continue-de-faconner-laresilience-dans-le-haut-atlas\/#primaryimage"},"image":{"@id":"https:\/\/cooperact.org\/deux-ans-apresla-solidarite-continue-de-faconner-laresilience-dans-le-haut-atlas\/#primaryimage"},"thumbnailUrl":"https:\/\/cooperact.org\/wp-content\/uploads\/2025\/09\/IMG_9147-e1757561709652.jpg","datePublished":"2025-09-11T00:05:57+00:00","dateModified":"2025-09-11T05:03:59+00:00","description":"Le 8 septembre 2023 reste grav\u00e9 dans la m\u00e9moire collective du Maroc. Ce jour-l\u00e0, un violent s\u00e9isme de magnitude 6,8 frappait le Haut Atlas, touchant particuli\u00e8rement la province de Taroudant, El haouz, chichaoua, Azilal Et Ouarzazat. La catastrophe a co\u00fbt\u00e9 la vie \u00e0 pr\u00e8s de 2 946 personnes, fait plus de 5 674 bless\u00e9s, d\u00e9truit environ 50 000 habitations et endommag\u00e9 des dizaines de milliers d\u2019autres, r\u00e9parties dans plus de 1 000 villages. Deux ans plus tard, les blessures restent visibles dans les paysages et dans les esprits, mais une force plus grande encore s\u2019est r\u00e9v\u00e9l\u00e9e : celle de la solidarit\u00e9.","breadcrumb":{"@id":"https:\/\/cooperact.org\/deux-ans-apresla-solidarite-continue-de-faconner-laresilience-dans-le-haut-atlas\/#breadcrumb"},"inLanguage":"en-US","potentialAction":[{"@type":"ReadAction","target":["https:\/\/cooperact.org\/deux-ans-apresla-solidarite-continue-de-faconner-laresilience-dans-le-haut-atlas\/"]}]},{"@type":"ImageObject","inLanguage":"en-US","@id":"https:\/\/cooperact.org\/deux-ans-apresla-solidarite-continue-de-faconner-laresilience-dans-le-haut-atlas\/#primaryimage","url":"https:\/\/cooperact.org\/wp-content\/uploads\/2025\/09\/IMG_9147-e1757561709652.jpg","contentUrl":"https:\/\/cooperact.org\/wp-content\/uploads\/2025\/09\/IMG_9147-e1757561709652.jpg","width":2048,"height":1157},{"@type":"BreadcrumbList","@id":"https:\/\/cooperact.org\/deux-ans-apresla-solidarite-continue-de-faconner-laresilience-dans-le-haut-atlas\/#breadcrumb","itemListElement":[{"@type":"ListItem","position":1,"name":"Home","item":"https:\/\/cooperact.org\/"},{"@type":"ListItem","position":2,"name":"Deux ans apr\u00e8s\u2026 La solidarit\u00e9 continue de fa\u00e7onner la r\u00e9silience dans le Haut Atlas"}]},{"@type":"WebSite","@id":"http:\/\/cooperact.org\/#website","url":"http:\/\/cooperact.org\/","name":"Coop\u00e9rAction","description":"Reconstruire durablement, avec les femmes au c\u0153ur de l\u2019action","publisher":{"@id":"http:\/\/cooperact.org\/#organization"},"alternateName":"Coop\u00e9rAction R\u00e9silience","potentialAction":[{"@type":"SearchAction","target":{"@type":"EntryPoint","urlTemplate":"http:\/\/cooperact.org\/?s={search_term_string}"},"query-input":{"@type":"PropertyValueSpecification","valueRequired":true,"valueName":"search_term_string"}}],"inLanguage":"en-US"},{"@type":"Organization","@id":"http:\/\/cooperact.org\/#organization","name":"Coop\u00e9rAction R\u00e9silience","url":"http:\/\/cooperact.org\/","logo":{"@type":"ImageObject","inLanguage":"en-US","@id":"http:\/\/cooperact.org\/#\/schema\/logo\/image\/","url":"https:\/\/cooperact.org\/wp-content\/uploads\/2025\/07\/LOGO-Cooperact-05-scaled.png","contentUrl":"https:\/\/cooperact.org\/wp-content\/uploads\/2025\/07\/LOGO-Cooperact-05-scaled.png","width":2560,"height":2560,"caption":"Coop\u00e9rAction R\u00e9silience"},"image":{"@id":"http:\/\/cooperact.org\/#\/schema\/logo\/image\/"}},{"@type":"Person","@id":"http:\/\/cooperact.org\/#\/schema\/person\/a60c1a09b1c38a0f66fd2697443bee69","name":"cooperact","image":{"@type":"ImageObject","inLanguage":"en-US","@id":"https:\/\/secure.gravatar.com\/avatar\/228e4a8ceb3143d28bb6cb1b7a89f6c61cf5e2763840580c7501d2c81e2feaa8?s=96&d=mm&r=g","url":"https:\/\/secure.gravatar.com\/avatar\/228e4a8ceb3143d28bb6cb1b7a89f6c61cf5e2763840580c7501d2c81e2feaa8?s=96&d=mm&r=g","contentUrl":"https:\/\/secure.gravatar.com\/avatar\/228e4a8ceb3143d28bb6cb1b7a89f6c61cf5e2763840580c7501d2c81e2feaa8?s=96&d=mm&r=g","caption":"cooperact"},"url":"https:\/\/cooperact.org\/en\/author\/cooperact\/"}]}},"_links":{"self":[{"href":"https:\/\/cooperact.org\/en\/wp-json\/wp\/v2\/posts\/648","targetHints":{"allow":["GET"]}}],"collection":[{"href":"https:\/\/cooperact.org\/en\/wp-json\/wp\/v2\/posts"}],"about":[{"href":"https:\/\/cooperact.org\/en\/wp-json\/wp\/v2\/types\/post"}],"author":[{"embeddable":true,"href":"https:\/\/cooperact.org\/en\/wp-json\/wp\/v2\/users\/2"}],"replies":[{"embeddable":true,"href":"https:\/\/cooperact.org\/en\/wp-json\/wp\/v2\/comments?post=648"}],"version-history":[{"count":5,"href":"https:\/\/cooperact.org\/en\/wp-json\/wp\/v2\/posts\/648\/revisions"}],"predecessor-version":[{"id":726,"href":"https:\/\/cooperact.org\/en\/wp-json\/wp\/v2\/posts\/648\/revisions\/726"}],"wp:featuredmedia":[{"embeddable":true,"href":"https:\/\/cooperact.org\/en\/wp-json\/wp\/v2\/media\/649"}],"wp:attachment":[{"href":"https:\/\/cooperact.org\/en\/wp-json\/wp\/v2\/media?parent=648"}],"wp:term":[{"taxonomy":"category","embeddable":true,"href":"https:\/\/cooperact.org\/en\/wp-json\/wp\/v2\/categories?post=648"},{"taxonomy":"post_tag","embeddable":true,"href":"https:\/\/cooperact.org\/en\/wp-json\/wp\/v2\/tags?post=648"}],"curies":[{"name":"wp","href":"https:\/\/api.w.org\/{rel}","templated":true}]}}